[{"@context":"https:\/\/schema.org\/","@type":"Article","@id":"https:\/\/www.barcelo.cz\/aby-se-vam-dobre-varilo\/#Article","mainEntityOfPage":"https:\/\/www.barcelo.cz\/aby-se-vam-dobre-varilo\/","headline":"Aby se v\u00e1m dob\u0159e va\u0159ilo","name":"Aby se v\u00e1m dob\u0159e va\u0159ilo","description":"Pokud va\u0159\u00edte \u010das, asi byste uv\u00edtali mo\u017enost m\u00edt kvalitn\u00ed kuchy\u0148skou linku. Cel\u00e1 \u0159ada lid\u00ed m\u00e1 st\u00e1le star\u0161\u00ed linku, kter\u00e1 nemus\u00ed \u010dlov\u011bku vyhovovat z v\u00edce d\u016fvod\u016f. T\u00edm&#46;&#46;&#46;","datePublished":"2023-12-29","dateModified":"2024-02-12","author":{"@type":"Person","@id":"https:\/\/www.barcelo.cz\/author\/#Person","name":"","url":"https:\/\/www.barcelo.cz\/author\/","identifier":1,"image":{"@type":"ImageObject","@id":"https:\/\/secure.gravatar.com\/avatar\/0dc285cbe86eecc8073f119fcb2e2c7032b51533f5bb47611c7d4a598558b8b7?s=96&d=mm&r=g","url":"https:\/\/secure.gravatar.com\/avatar\/0dc285cbe86eecc8073f119fcb2e2c7032b51533f5bb47611c7d4a598558b8b7?s=96&d=mm&r=g","height":96,"width":96}},"publisher":{"@type":"Organization","name":"barcelo.cz","logo":{"@type":"ImageObject","@id":"\/logo.png","url":"\/logo.png","width":600,"height":60}},"image":{"@type":"ImageObject","@id":"https:\/\/www.barcelo.cz\/wp-content\/uploads\/kitchen-1707427_640_8.jpg","url":"https:\/\/www.barcelo.cz\/wp-content\/uploads\/kitchen-1707427_640_8.jpg","height":0,"width":0},"url":"https:\/\/www.barcelo.cz\/aby-se-vam-dobre-varilo\/","wordCount":416,"articleBody":"   Pokud va\u0159\u00edte \u010das, asi byste uv\u00edtali mo\u017enost m\u00edt kvalitn\u00ed kuchy\u0148skou linku. Cel\u00e1 \u0159ada lid\u00ed m\u00e1 st\u00e1le star\u0161\u00ed linku, kter\u00e1 nemus\u00ed \u010dlov\u011bku vyhovovat z v\u00edce d\u016fvod\u016f. T\u00edm nej\u010dast\u011bj\u0161\u00edm je zastaral\u00fd vzhled, ale tak\u00e9 m\u00e1lo pracovn\u00edho prostoru a nedostatek sk\u0159\u00edn\u011bk. Mnoho dom\u00e1cnost\u00ed tak skladuje n\u00e1dob\u00ed t\u0159eba ve sp\u00ed\u017ei a nebo ve sklep\u011b, ale pokud nem\u00e1te k dispozici ani jedno, mus\u00edte improvizovat a tak se m\u016f\u017ee st\u00e1t \u017ee budete m\u00edt n\u00e1dob\u00ed i v ob\u00fdv\u00e1ku, co\u017e v\u00e1m zase omez\u00ed prostor pro knihy a podobn\u011b.M\u00e1te star\u0161\u00ed linku a tou\u017e\u00edte po nov\u00e9? Nechte si ji jednodu\u0161e vyrobit. Cena kuchyn\u011b na m\u00edru nen\u00ed nijak vysok\u00e1, proto\u017ee nejlevn\u011bj\u0161\u00ed linky koup\u00edte u\u017e pod pades\u00e1t tis\u00edc korun. Nejlep\u0161\u00ed je nechat si linku vyrobit na m\u00edru, proto\u017ee kuchy\u0148sk\u00e9 studio nebo truhl\u00e1\u0159 v\u00e1m vytvo\u0159\u00ed n\u00e1vrh podle va\u0161ich p\u0159edstav. N\u00e1sledn\u011b si m\u016f\u017eete vybrat barvy a vnit\u0159n\u00ed \u010dlen\u011bn\u00ed a pak u\u017e se m\u016f\u017eete t\u011b\u0161it na v\u00fdsledek.Nejdra\u017e\u0161\u00ed kuchyn\u011b samoz\u0159ejm\u011b stoj\u00ed v \u0159\u00e1du des\u00edtek a\u017e stovek tis\u00edc, a jsou pro\u0161pikovan\u00e9 modern\u00edmi technick\u00fdmi vychyt\u00e1vkami, kter\u00e9 v\u00e1m usnadn\u00ed nejen p\u0159\u00edpravu j\u00eddel, ale i skladov\u00e1n\u00ed n\u00e1dob\u00ed a potravin. D\u00edky mo\u017enosti vizualizace si m\u016f\u017eete prohl\u00e9dnout kuchyni je\u0161t\u011b p\u0159edt\u00edm ne\u017e ji budete m\u00edt vyrobenou a namontovanou. B\u011bhem n\u00e1vrhu m\u016f\u017eete m\u011bnit rozlo\u017een\u00ed linky, vnit\u0159n\u00ed \u010dlen\u011bn\u00ed, barvy, a samoz\u0159ejm\u011b si m\u016f\u017eete nechat nainstalovat i spot\u0159ebi\u010de, kter\u00e9 \u010d\u00e1st studi\u00ed nab\u00edz\u00ed.Abyste si mohli vychutn\u00e1vat p\u0159\u00edpravu pokrm\u016f pro sv\u00e9 nejbli\u017e\u0161\u00ed, m\u011bli byste m\u00edt linku, kter\u00e1 bude spl\u0148ovat po\u017eadavky nejen na rozm\u011bry, ale i na vzhled. Kdy\u017e u\u017e si budete nechat d\u011blat novou linku, byla by \u0161koda toho nevyu\u017e\u00edt a nevybrat si design, kter\u00fd v\u00e1s bude bavit i za n\u011bkolik let. V\u011bt\u0161ina lid\u00ed si linku po\u0159izuje na del\u0161\u00ed dobu a proto je dobr\u00e9 vyb\u00edrat takovou linku, kter\u00e1 bude sp\u00ed\u0161e v tlumen\u00fdch t\u00f3nech. V\u00fdrazn\u00e9 barvy linky by v\u00e1m za p\u00e1r m\u011bs\u00edc\u016f mohly za\u010d\u00edt l\u00e9zt na nervy, a proto volte rad\u011bji odst\u00edny b\u00edl\u00e9, \u010dern\u00e9 a hn\u011bd\u00e9.                                                                                                                                                                                                                                                                                                                                                                                          4.5\/5 - (6 votes)        "},{"@context":"https:\/\/schema.org\/","@type":"BreadcrumbList","itemListElement":[{"@type":"ListItem","position":1,"name":"Aby se v\u00e1m dob\u0159e va\u0159ilo","item":"https:\/\/www.barcelo.cz\/aby-se-vam-dobre-varilo\/#breadcrumbitem"}]}]