[{"@context":"https:\/\/schema.org\/","@type":"Article","@id":"https:\/\/www.barcelo.cz\/duchodova-reforma\/#Article","mainEntityOfPage":"https:\/\/www.barcelo.cz\/duchodova-reforma\/","headline":"D\u016fchodov\u00e1 reforma","name":"D\u016fchodov\u00e1 reforma","description":"\u00a0 V posledn\u00ed dob\u011b sl\u00fdch\u00e1me o reform\u011b v penzijn\u00ed oblasti ze v\u0161ech stran. Jsou toho pln\u00e1 m\u00e9dia. Z\u00e1kony a vyhl\u00e1\u0161ky se po\u0159\u00e1d m\u011bn\u00ed, lid\u00e9 se v&#46;&#46;&#46;","datePublished":"2024-11-19","dateModified":"2024-11-19","author":{"@type":"Person","@id":"https:\/\/www.barcelo.cz\/author\/#Person","name":"","url":"https:\/\/www.barcelo.cz\/author\/","identifier":1,"image":{"@type":"ImageObject","@id":"https:\/\/secure.gravatar.com\/avatar\/0dc285cbe86eecc8073f119fcb2e2c7032b51533f5bb47611c7d4a598558b8b7?s=96&d=mm&r=g","url":"https:\/\/secure.gravatar.com\/avatar\/0dc285cbe86eecc8073f119fcb2e2c7032b51533f5bb47611c7d4a598558b8b7?s=96&d=mm&r=g","height":96,"width":96}},"publisher":{"@type":"Organization","name":"barcelo.cz","logo":{"@type":"ImageObject","@id":"\/logo.png","url":"\/logo.png","width":600,"height":60}},"url":"https:\/\/www.barcelo.cz\/duchodova-reforma\/","wordCount":181,"articleBody":"\t\u00a0\tV posledn\u00ed dob\u011b sl\u00fdch\u00e1me o reform\u011b v penzijn\u00ed oblasti ze v\u0161ech stran. Jsou toho pln\u00e1 m\u00e9dia. Z\u00e1kony a vyhl\u00e1\u0161ky se po\u0159\u00e1d m\u011bn\u00ed, lid\u00e9 se v nich ztr\u00e1c\u00ed, nebo maj\u00ed nep\u0159esn\u00e9 \u010di myln\u00e9 informace. Je d\u016fle\u017eit\u00e9 se v tom zorientovat, o to d\u016fle\u017eit\u011bj\u0161\u00ed, pokud se v\u00e1s tato oblast p\u0159\u00edmo t\u00fdk\u00e1, nebo se v\u00e1s bude v brzk\u00e9 dob\u011b t\u00fdkat.\tZm\u011bny v leto\u0161n\u00edm roceNejen leto\u0161n\u00ed rok p\u0159inesl v penzijn\u00ed oblasti velk\u00e9 zm\u011bny. Nav\u0161tivte na\u0161e webov\u00e9 str\u00e1nky zam\u011b\u0159en\u00e9 na tuto problematiku, zadejte si pot\u0159ebn\u00e1 data k odejit\u00ed do d\u016fchodu v tabulce a dozv\u00edte se, kdy p\u016fjdete do penze konkr\u00e9tn\u011b vy, jak\u00e9 k tomu mus\u00edte spl\u0148ovat z\u00e1konn\u00e9 podm\u00ednky a jakou budete m\u00edt v\u00fd\u0161i st\u00e1tem vypl\u00e1cen\u00e9 penze. Bu\u010fte tedy zase o n\u011bco m\u00e1lo chyt\u0159ej\u0161\u00ed a informujte se zav\u010dasu o tom, na co m\u00e1te n\u00e1rok.                                                                                                                                                                                                                                                                                                                                                                                        4.7\/5 - (3 votes)        "},{"@context":"https:\/\/schema.org\/","@type":"BreadcrumbList","itemListElement":[{"@type":"ListItem","position":1,"name":"D\u016fchodov\u00e1 reforma","item":"https:\/\/www.barcelo.cz\/duchodova-reforma\/#breadcrumbitem"}]}]