{"@context":"https:\/\/schema.org\/","@type":"CollectionPage","@id":"https:\/\/www.barcelo.cz\/dum-a-zahrada\/#CollectionPage","headline":"D\u016fm a zahrada Category","description":"","url":"https:\/\/www.barcelo.cz\/dum-a-zahrada\/","hasPart":[{"@type":"Article","@id":"https:\/\/www.barcelo.cz\/hezke-zarizeni\/","headline":"Hezk\u00e9 za\u0159\u00edzen\u00ed","url":"https:\/\/www.barcelo.cz\/hezke-zarizeni\/","datePublished":"2025-12-29","dateModified":"2025-12-29","mainEntityOfPage":"https:\/\/www.barcelo.cz\/hezke-zarizeni\/","author":{"@type":"Person","@id":"https:\/\/www.barcelo.cz\/author\/#Person","name":"","url":"https:\/\/www.barcelo.cz\/author\/","identifier":1,"image":{"@type":"ImageObject","@id":"https:\/\/secure.gravatar.com\/avatar\/0dc285cbe86eecc8073f119fcb2e2c7032b51533f5bb47611c7d4a598558b8b7?s=96&d=mm&r=g","url":"https:\/\/secure.gravatar.com\/avatar\/0dc285cbe86eecc8073f119fcb2e2c7032b51533f5bb47611c7d4a598558b8b7?s=96&d=mm&r=g","height":96,"width":96}},"publisher":{"@type":"Organization","name":"barcelo.cz","logo":{"@type":"ImageObject","@id":"\/logo.png","url":"\/logo.png","width":600,"height":60}},"image":{"@type":"ImageObject","@id":"https:\/\/www.barcelo.cz\/wp-content\/uploads\/pexels-andreaedavis-32605949.jpg","url":"https:\/\/www.barcelo.cz\/wp-content\/uploads\/pexels-andreaedavis-32605949.jpg","height":0,"width":0},"keywords":null},{"@type":"Article","@id":"https:\/\/www.barcelo.cz\/bydleni-nebo-podnajem\/","headline":"Bydlen\u00ed nebo podn\u00e1jem?","url":"https:\/\/www.barcelo.cz\/bydleni-nebo-podnajem\/","datePublished":"2025-07-26","dateModified":"2025-07-26","mainEntityOfPage":"https:\/\/www.barcelo.cz\/bydleni-nebo-podnajem\/","author":{"@type":"Person","@id":"https:\/\/www.barcelo.cz\/author\/#Person","name":"","url":"https:\/\/www.barcelo.cz\/author\/","identifier":1,"image":{"@type":"ImageObject","@id":"https:\/\/secure.gravatar.com\/avatar\/0dc285cbe86eecc8073f119fcb2e2c7032b51533f5bb47611c7d4a598558b8b7?s=96&d=mm&r=g","url":"https:\/\/secure.gravatar.com\/avatar\/0dc285cbe86eecc8073f119fcb2e2c7032b51533f5bb47611c7d4a598558b8b7?s=96&d=mm&r=g","height":96,"width":96}},"publisher":{"@type":"Organization","name":"barcelo.cz","logo":{"@type":"ImageObject","@id":"\/logo.png","url":"\/logo.png","width":600,"height":60}},"image":{"@type":"ImageObject","@id":"https:\/\/www.barcelo.cz\/wp-content\/uploads\/indoors-5680423_640_3.jpg","url":"https:\/\/www.barcelo.cz\/wp-content\/uploads\/indoors-5680423_640_3.jpg","height":0,"width":0},"keywords":null},{"@type":"Article","@id":"https:\/\/www.barcelo.cz\/co-se-spadanym-listim\/","headline":"Co se spadan\u00fdm list\u00edm?","url":"https:\/\/www.barcelo.cz\/co-se-spadanym-listim\/","datePublished":"2024-09-25","dateModified":"2024-09-25","mainEntityOfPage":"https:\/\/www.barcelo.cz\/co-se-spadanym-listim\/","author":{"@type":"Person","@id":"https:\/\/www.barcelo.cz\/author\/#Person","name":"","url":"https:\/\/www.barcelo.cz\/author\/","identifier":1,"image":{"@type":"ImageObject","@id":"https:\/\/secure.gravatar.com\/avatar\/0dc285cbe86eecc8073f119fcb2e2c7032b51533f5bb47611c7d4a598558b8b7?s=96&d=mm&r=g","url":"https:\/\/secure.gravatar.com\/avatar\/0dc285cbe86eecc8073f119fcb2e2c7032b51533f5bb47611c7d4a598558b8b7?s=96&d=mm&r=g","height":96,"width":96}},"publisher":{"@type":"Organization","name":"barcelo.cz","logo":{"@type":"ImageObject","@id":"\/logo.png","url":"\/logo.png","width":600,"height":60}},"image":{"@type":"ImageObject","@id":"https:\/\/www.barcelo.cz\/wp-content\/uploads\/boys-5630669_640_2.jpg","url":"https:\/\/www.barcelo.cz\/wp-content\/uploads\/boys-5630669_640_2.jpg","height":0,"width":0},"keywords":null},{"@type":"Article","@id":"https:\/\/www.barcelo.cz\/blikajici-dum-se-zahradou\/","headline":"Blikaj\u00edc\u00ed d\u016fm se zahradou","url":"https:\/\/www.barcelo.cz\/blikajici-dum-se-zahradou\/","datePublished":"2024-06-30","dateModified":"2024-06-30","mainEntityOfPage":"https:\/\/www.barcelo.cz\/blikajici-dum-se-zahradou\/","author":{"@type":"Person","@id":"https:\/\/www.barcelo.cz\/author\/#Person","name":"","url":"https:\/\/www.barcelo.cz\/author\/","identifier":1,"image":{"@type":"ImageObject","@id":"https:\/\/secure.gravatar.com\/avatar\/0dc285cbe86eecc8073f119fcb2e2c7032b51533f5bb47611c7d4a598558b8b7?s=96&d=mm&r=g","url":"https:\/\/secure.gravatar.com\/avatar\/0dc285cbe86eecc8073f119fcb2e2c7032b51533f5bb47611c7d4a598558b8b7?s=96&d=mm&r=g","height":96,"width":96}},"publisher":{"@type":"Organization","name":"barcelo.cz","logo":{"@type":"ImageObject","@id":"\/logo.png","url":"\/logo.png","width":600,"height":60}},"image":{"@type":"ImageObject","@id":"https:\/\/www.barcelo.cz\/wp-content\/uploads\/nature-4687676_1280_2.jpg","url":"https:\/\/www.barcelo.cz\/wp-content\/uploads\/nature-4687676_1280_2.jpg","height":0,"width":0},"keywords":null},{"@type":"Article","@id":"https:\/\/www.barcelo.cz\/co-delat-v-lete-na-zahrade\/","headline":"Co d\u011blat v l\u00e9t\u011b na zahrad\u011b?","url":"https:\/\/www.barcelo.cz\/co-delat-v-lete-na-zahrade\/","datePublished":"2022-02-04","dateModified":"2023-05-02","mainEntityOfPage":"https:\/\/www.barcelo.cz\/co-delat-v-lete-na-zahrade\/","author":{"@type":"Person","@id":"https:\/\/www.barcelo.cz\/author\/#Person","name":"","url":"https:\/\/www.barcelo.cz\/author\/","identifier":1,"image":{"@type":"ImageObject","@id":"https:\/\/secure.gravatar.com\/avatar\/0dc285cbe86eecc8073f119fcb2e2c7032b51533f5bb47611c7d4a598558b8b7?s=96&d=mm&r=g","url":"https:\/\/secure.gravatar.com\/avatar\/0dc285cbe86eecc8073f119fcb2e2c7032b51533f5bb47611c7d4a598558b8b7?s=96&d=mm&r=g","height":96,"width":96}},"publisher":{"@type":"Organization","name":"barcelo.cz","logo":{"@type":"ImageObject","@id":"\/logo.png","url":"\/logo.png","width":600,"height":60}},"image":{"@type":"ImageObject","@id":"https:\/\/www.barcelo.cz\/wp-content\/uploads\/garden-gdb257987f_640.jpg","url":"https:\/\/www.barcelo.cz\/wp-content\/uploads\/garden-gdb257987f_640.jpg","height":0,"width":0},"keywords":null},{"@type":"Article","@id":"https:\/\/www.barcelo.cz\/vyzdobte-si-dum-a-zahradu\/","headline":"Vyzdobte si d\u016fm a zahradu","url":"https:\/\/www.barcelo.cz\/vyzdobte-si-dum-a-zahradu\/","datePublished":"2019-12-21","dateModified":"2023-05-02","mainEntityOfPage":"https:\/\/www.barcelo.cz\/vyzdobte-si-dum-a-zahradu\/","author":{"@type":"Person","@id":"https:\/\/www.barcelo.cz\/author\/#Person","name":"","url":"https:\/\/www.barcelo.cz\/author\/","identifier":1,"image":{"@type":"ImageObject","@id":"https:\/\/secure.gravatar.com\/avatar\/0dc285cbe86eecc8073f119fcb2e2c7032b51533f5bb47611c7d4a598558b8b7?s=96&d=mm&r=g","url":"https:\/\/secure.gravatar.com\/avatar\/0dc285cbe86eecc8073f119fcb2e2c7032b51533f5bb47611c7d4a598558b8b7?s=96&d=mm&r=g","height":96,"width":96}},"publisher":{"@type":"Organization","name":"barcelo.cz","logo":{"@type":"ImageObject","@id":"\/logo.png","url":"\/logo.png","width":600,"height":60}},"image":{"@type":"ImageObject","@id":"https:\/\/www.barcelo.cz\/wp-content\/uploads\/img_a363935_w4378_t1576603251.jpg","url":"https:\/\/www.barcelo.cz\/wp-content\/uploads\/img_a363935_w4378_t1576603251.jpg","height":0,"width":0},"keywords":null}]}