[{"@context":"https:\/\/schema.org\/","@type":"Article","@id":"https:\/\/www.barcelo.cz\/procestujte-s-karavanem-republiku\/#Article","mainEntityOfPage":"https:\/\/www.barcelo.cz\/procestujte-s-karavanem-republiku\/","headline":"Procestujte s karavanem republiku","name":"Procestujte s karavanem republiku","description":"Kdo m\u00e1 ta\u017en\u00e9 za\u0159\u00edzen\u00ed na sv\u00e9m voze, disponuje jist\u00fdmi v\u00fdhodami. Lze za n\u011bj p\u0159ipojit mnoho typ\u016f p\u0159\u00edv\u011bsn\u00fdch voz\u00edk\u016f a p\u0159ev\u00e1\u017eet n\u00e1klad v\u00a0obrovsk\u00e9 \u0161k\u00e1le rozm\u011br\u016f a tvar\u016f.&#46;&#46;&#46;","datePublished":"2022-01-11","dateModified":"2023-05-02","author":{"@type":"Person","@id":"https:\/\/www.barcelo.cz\/author\/#Person","name":"","url":"https:\/\/www.barcelo.cz\/author\/","identifier":1,"image":{"@type":"ImageObject","@id":"https:\/\/secure.gravatar.com\/avatar\/0dc285cbe86eecc8073f119fcb2e2c7032b51533f5bb47611c7d4a598558b8b7?s=96&d=mm&r=g","url":"https:\/\/secure.gravatar.com\/avatar\/0dc285cbe86eecc8073f119fcb2e2c7032b51533f5bb47611c7d4a598558b8b7?s=96&d=mm&r=g","height":96,"width":96}},"publisher":{"@type":"Organization","name":"barcelo.cz","logo":{"@type":"ImageObject","@id":"\/logo.png","url":"\/logo.png","width":600,"height":60}},"image":{"@type":"ImageObject","@id":"https:\/\/www.barcelo.cz\/wp-content\/uploads\/jested-3776420_640.jpg","url":"https:\/\/www.barcelo.cz\/wp-content\/uploads\/jested-3776420_640.jpg","height":0,"width":0},"url":"https:\/\/www.barcelo.cz\/procestujte-s-karavanem-republiku\/","about":["Cestov\u00e1n\u00ed"],"wordCount":436,"articleBody":"Kdo m\u00e1 ta\u017en\u00e9 za\u0159\u00edzen\u00ed na sv\u00e9m voze, disponuje jist\u00fdmi v\u00fdhodami. Lze za n\u011bj p\u0159ipojit mnoho typ\u016f p\u0159\u00edv\u011bsn\u00fdch voz\u00edk\u016f a p\u0159ev\u00e1\u017eet n\u00e1klad v\u00a0obrovsk\u00e9 \u0161k\u00e1le rozm\u011br\u016f a tvar\u016f. Jednou z\u00a0podstatn\u00fdch p\u0159ednost\u00ed tohoto \u0159e\u0161en\u00ed je i mo\u017enost v\u00e9zt za autem do\u010dasn\u00e9 mobiln\u00ed obydl\u00ed a procestovat s\u00a0n\u00edm k\u0159\u00ed\u017eem kr\u00e1\u017eem Evropu, anebo alespo\u0148 \u010ceskou republiku.Karavan nemus\u00edte vlastnit a pracn\u011b jej n\u011bkde gar\u00e1\u017eovat, lze jej pronajmout v\u00a0dostate\u010dn\u00e9m p\u0159edstihu a napl\u00e1novat si dovolenou tak, abyste s\u00a0n\u00edm mohli vycestovat do va\u0161ich obl\u00edben\u00fdch destinac\u00ed. Pak u\u017e sta\u010d\u00ed jen vhodn\u00fd kemp s\u00a0elektrickou p\u0159\u00edpojkou, a jste pln\u011b sob\u011bsta\u010dn\u00ed v\u00a0podstat\u011b ve v\u0161em. V\u016fz s\u00a0karavanem poslou\u017e\u00ed jako apartm\u00e1 s\u00a0toaletou, spi\u017e\u00edrna i lo\u017enice, m\u016f\u017eete tu za de\u0161t\u011b hr\u00e1t karty a v\u00a0p\u0159\u00edhodn\u00e9m okam\u017eiku se i milovat. Podstatn\u00e9 ov\u0161em je, \u017ee m\u016f\u017eete b\u00fdt ka\u017ed\u00fd den t\u0159eba na jin\u00e9m m\u00edst\u011b. Anebo ne, z\u00e1le\u017e\u00ed jen na va\u0161em rozhodnut\u00ed a dohod\u011b s\u00a0partnerem.Hv\u011bzdicov\u00e9 pobytyPokud skute\u010dn\u011b r\u00e1di cestujete a jste v\u00a0denn\u011b v\u00a0pohybu, m\u016f\u017eete si napl\u00e1novat trasu okru\u017en\u00ed dovolenkov\u00e9 j\u00edzdy tak, abyste nebyli zbyte\u010dn\u011b omezov\u00e1ni r\u016fzn\u00fdmi opat\u0159en\u00edmi, kter\u00e1 v\u00a0sou\u010dasn\u00e9 dob\u011b komplikuj\u00ed lidem \u017eivot zejm\u00e9na po p\u0159\u00edjezdu do zahrani\u010d\u00ed. Va\u0161i dovolenou byste mohli pojmout jako tuzemsk\u00fd pobyt a koncep\u010dn\u011b jej rozd\u011blit do t\u0159\u00ed \u010d\u00e1st\u00ed, p\u0159\u00edpadn\u011b ka\u017ed\u00fd rok podniknout jednu z\u00a0nich:Trasa severn\u00ed \u010cechy \u2013 zde byste mohli za\u010d\u00edt nap\u0159. v\u00a0D\u011b\u010d\u00edn\u011b, nav\u0161t\u00edvit H\u0159ensko, Prav\u010dickou br\u00e1nu a dal\u0161\u00ed p\u0159\u00edrodn\u00ed kr\u00e1sy \u010cesk\u00e9ho \u0160v\u00fdcarska. N\u00e1sledn\u011b pokra\u010dovat do Lu\u017eick\u00fdch hor a p\u0159enocovat n\u011bkde v\u00a0bl\u00edzkosti hory Lu\u017e a Horn\u00ed Sv\u011btl\u00e9. Zavr\u0161en\u00ed trasy by se mohlo uskute\u010dnit v\u00a0Jizersk\u00fdch hor\u00e1ch v\u00a0Desn\u00e9 u Tanvaldu nebo v\u00a0Krkono\u0161\u00edch, podle va\u0161ich mo\u017enost\u00ed, tu\u017eeb a tak\u00e9 v\u00fdvoje po\u010das\u00ed.Trasa z\u00e1padn\u00ed \u010cechy \u2013 tento region l\u00e1k\u00e1 turisty zejm\u00e9na do z\u00e1pado\u010desk\u00fdch l\u00e1zn\u00ed, nav\u0161t\u00edvit byste mohli Karlovy Vary, Mari\u00e1nsk\u00e9 L\u00e1zn\u011b, L\u00e1zn\u011b Kyn\u017evart, Konstantinovy L\u00e1zn\u011b a Franti\u0161kovy L\u00e1zn\u011b. L\u00e1ze\u0148sk\u00e1 atmosf\u00e9ra v\u00e1m jist\u011b u\u010daruje sv\u00fdm poklidem a mohli byste tu na\u010derpat spoustu sil.                                                                                                                                                                                                                                                                                                                                                                                        4.2\/5 - (12 votes)        "},{"@context":"https:\/\/schema.org\/","@type":"BreadcrumbList","itemListElement":[{"@type":"ListItem","position":1,"name":"Procestujte s karavanem republiku","item":"https:\/\/www.barcelo.cz\/procestujte-s-karavanem-republiku\/#breadcrumbitem"}]}]