{"@context":"https:\/\/schema.org\/","@type":"CollectionPage","@id":"https:\/\/www.barcelo.cz\/spolecnost\/#CollectionPage","headline":"Spole\u010dnost Category","description":"","url":"https:\/\/www.barcelo.cz\/spolecnost\/","hasPart":[{"@type":"Article","@id":"https:\/\/www.barcelo.cz\/i-vase-spolecnost-vam-muze-podkopnout-nohy\/","headline":"I va\u0161e spole\u010dnost v\u00e1m m\u016f\u017ee podkopnout nohy","url":"https:\/\/www.barcelo.cz\/i-vase-spolecnost-vam-muze-podkopnout-nohy\/","datePublished":"2022-07-04","dateModified":"2023-05-02","mainEntityOfPage":"https:\/\/www.barcelo.cz\/i-vase-spolecnost-vam-muze-podkopnout-nohy\/","author":{"@type":"Person","@id":"https:\/\/www.barcelo.cz\/author\/#Person","name":"","url":"https:\/\/www.barcelo.cz\/author\/","identifier":1,"image":{"@type":"ImageObject","@id":"https:\/\/secure.gravatar.com\/avatar\/0dc285cbe86eecc8073f119fcb2e2c7032b51533f5bb47611c7d4a598558b8b7?s=96&d=mm&r=g","url":"https:\/\/secure.gravatar.com\/avatar\/0dc285cbe86eecc8073f119fcb2e2c7032b51533f5bb47611c7d4a598558b8b7?s=96&d=mm&r=g","height":96,"width":96}},"publisher":{"@type":"Organization","name":"barcelo.cz","logo":{"@type":"ImageObject","@id":"\/logo.png","url":"\/logo.png","width":600,"height":60}},"image":{"@type":"ImageObject","@id":"https:\/\/www.barcelo.cz\/wp-content\/uploads\/skupina.JPG","url":"https:\/\/www.barcelo.cz\/wp-content\/uploads\/skupina.JPG","height":0,"width":0},"keywords":null},{"@type":"Article","@id":"https:\/\/www.barcelo.cz\/vybrana-spolecnost\/","headline":"Vybran\u00e1 spole\u010dnost","url":"https:\/\/www.barcelo.cz\/vybrana-spolecnost\/","datePublished":"2022-01-13","dateModified":"2023-05-02","mainEntityOfPage":"https:\/\/www.barcelo.cz\/vybrana-spolecnost\/","author":{"@type":"Person","@id":"https:\/\/www.barcelo.cz\/author\/#Person","name":"","url":"https:\/\/www.barcelo.cz\/author\/","identifier":1,"image":{"@type":"ImageObject","@id":"https:\/\/secure.gravatar.com\/avatar\/0dc285cbe86eecc8073f119fcb2e2c7032b51533f5bb47611c7d4a598558b8b7?s=96&d=mm&r=g","url":"https:\/\/secure.gravatar.com\/avatar\/0dc285cbe86eecc8073f119fcb2e2c7032b51533f5bb47611c7d4a598558b8b7?s=96&d=mm&r=g","height":96,"width":96}},"publisher":{"@type":"Organization","name":"barcelo.cz","logo":{"@type":"ImageObject","@id":"\/logo.png","url":"\/logo.png","width":600,"height":60}},"image":{"@type":"ImageObject","@id":"https:\/\/www.barcelo.cz\/wp-content\/uploads\/homeless-man-1152516_640_1.jpg","url":"https:\/\/www.barcelo.cz\/wp-content\/uploads\/homeless-man-1152516_640_1.jpg","height":0,"width":0},"keywords":null},{"@type":"Article","@id":"https:\/\/www.barcelo.cz\/navsteva-uradu\/","headline":"N\u00e1v\u0161t\u011bva \u00fa\u0159adu","url":"https:\/\/www.barcelo.cz\/navsteva-uradu\/","datePublished":"2019-11-06","dateModified":"2023-05-02","mainEntityOfPage":"https:\/\/www.barcelo.cz\/navsteva-uradu\/","author":{"@type":"Person","@id":"https:\/\/www.barcelo.cz\/author\/#Person","name":"","url":"https:\/\/www.barcelo.cz\/author\/","identifier":1,"image":{"@type":"ImageObject","@id":"https:\/\/secure.gravatar.com\/avatar\/0dc285cbe86eecc8073f119fcb2e2c7032b51533f5bb47611c7d4a598558b8b7?s=96&d=mm&r=g","url":"https:\/\/secure.gravatar.com\/avatar\/0dc285cbe86eecc8073f119fcb2e2c7032b51533f5bb47611c7d4a598558b8b7?s=96&d=mm&r=g","height":96,"width":96}},"publisher":{"@type":"Organization","name":"barcelo.cz","logo":{"@type":"ImageObject","@id":"\/logo.png","url":"\/logo.png","width":600,"height":60}},"image":{"@type":"ImageObject","@id":"https:\/\/www.barcelo.cz\/wp-content\/uploads\/img_a362007_w4378_t1575040842.jpg","url":"https:\/\/www.barcelo.cz\/wp-content\/uploads\/img_a362007_w4378_t1575040842.jpg","height":0,"width":0},"keywords":null},{"@type":"Article","@id":"https:\/\/www.barcelo.cz\/osvezte-se-kdy-jenom-budete-chtit\/","headline":"Osv\u011b\u017ete se, kdy jenom budete cht\u00edt","url":"https:\/\/www.barcelo.cz\/osvezte-se-kdy-jenom-budete-chtit\/","datePublished":"2017-03-13","dateModified":"2023-05-02","mainEntityOfPage":"https:\/\/www.barcelo.cz\/osvezte-se-kdy-jenom-budete-chtit\/","author":{"@type":"Person","@id":"https:\/\/www.barcelo.cz\/author\/#Person","name":"","url":"https:\/\/www.barcelo.cz\/author\/","identifier":1,"image":{"@type":"ImageObject","@id":"https:\/\/secure.gravatar.com\/avatar\/0dc285cbe86eecc8073f119fcb2e2c7032b51533f5bb47611c7d4a598558b8b7?s=96&d=mm&r=g","url":"https:\/\/secure.gravatar.com\/avatar\/0dc285cbe86eecc8073f119fcb2e2c7032b51533f5bb47611c7d4a598558b8b7?s=96&d=mm&r=g","height":96,"width":96}},"publisher":{"@type":"Organization","name":"barcelo.cz","logo":{"@type":"ImageObject","@id":"\/logo.png","url":"\/logo.png","width":600,"height":60}},"image":null,"keywords":null}]}